{"id":1238,"date":"2026-03-05T18:00:51","date_gmt":"2026-03-05T18:00:51","guid":{"rendered":"https:\/\/nuevacocinamediterranea.es\/?p=1238"},"modified":"2026-03-05T18:01:01","modified_gmt":"2026-03-05T18:01:01","slug":"nueva-etapa-nueva-cocina-mediterranea","status":"publish","type":"post","link":"https:\/\/nuevacocinamediterranea.es\/fr\/nueva-etapa-nueva-cocina-mediterranea\/","title":{"rendered":"Nouvelle \u00e9tape, nouvelle cuisine m\u00e9diterran\u00e9enne"},"content":{"rendered":"<figure class=\"wp-block-gallery has-nested-images columns-default is-cropped wp-block-gallery-1 is-layout-flex wp-block-gallery-is-layout-flex\">\n<figure class=\"wp-block-image size-large\"><img fetchpriority=\"high\" decoding=\"async\" width=\"800\" height=\"570\" data-id=\"1240\" src=\"https:\/\/nuevacocinamediterranea.es\/wp-content\/uploads\/2026\/03\/01.jpg\" alt=\"\" class=\"wp-image-1240\" srcset=\"https:\/\/nuevacocinamediterranea.es\/wp-content\/uploads\/2026\/03\/01.jpg 800w, https:\/\/nuevacocinamediterranea.es\/wp-content\/uploads\/2026\/03\/01-300x214.jpg 300w, https:\/\/nuevacocinamediterranea.es\/wp-content\/uploads\/2026\/03\/01-768x547.jpg 768w\" sizes=\"(max-width: 800px) 100vw, 800px\" \/><\/figure>\n\n\n\n<figure class=\"wp-block-image size-large\"><img decoding=\"async\" width=\"800\" height=\"570\" data-id=\"1239\" src=\"https:\/\/nuevacocinamediterranea.es\/wp-content\/uploads\/2026\/03\/02.jpg\" alt=\"\" class=\"wp-image-1239\" srcset=\"https:\/\/nuevacocinamediterranea.es\/wp-content\/uploads\/2026\/03\/02.jpg 800w, https:\/\/nuevacocinamediterranea.es\/wp-content\/uploads\/2026\/03\/02-300x214.jpg 300w, https:\/\/nuevacocinamediterranea.es\/wp-content\/uploads\/2026\/03\/02-768x547.jpg 768w\" sizes=\"(max-width: 800px) 100vw, 800px\" \/><\/figure>\n\n\n\n<figure class=\"wp-block-image size-large\"><img decoding=\"async\" width=\"800\" height=\"570\" data-id=\"1241\" src=\"https:\/\/nuevacocinamediterranea.es\/wp-content\/uploads\/2026\/03\/03.jpg\" alt=\"\" class=\"wp-image-1241\" srcset=\"https:\/\/nuevacocinamediterranea.es\/wp-content\/uploads\/2026\/03\/03.jpg 800w, https:\/\/nuevacocinamediterranea.es\/wp-content\/uploads\/2026\/03\/03-300x214.jpg 300w, https:\/\/nuevacocinamediterranea.es\/wp-content\/uploads\/2026\/03\/03-768x547.jpg 768w\" sizes=\"(max-width: 800px) 100vw, 800px\" \/><\/figure>\n\n\n\n<figure class=\"wp-block-image size-large\"><img loading=\"lazy\" decoding=\"async\" width=\"800\" height=\"570\" data-id=\"1242\" src=\"https:\/\/nuevacocinamediterranea.es\/wp-content\/uploads\/2026\/03\/07.jpg\" alt=\"\" class=\"wp-image-1242\" srcset=\"https:\/\/nuevacocinamediterranea.es\/wp-content\/uploads\/2026\/03\/07.jpg 800w, https:\/\/nuevacocinamediterranea.es\/wp-content\/uploads\/2026\/03\/07-300x214.jpg 300w, https:\/\/nuevacocinamediterranea.es\/wp-content\/uploads\/2026\/03\/07-768x547.jpg 768w\" sizes=\"(max-width: 800px) 100vw, 800px\" \/><\/figure>\n\n\n\n<figure class=\"wp-block-image size-large\"><img loading=\"lazy\" decoding=\"async\" width=\"800\" height=\"570\" data-id=\"1243\" src=\"https:\/\/nuevacocinamediterranea.es\/wp-content\/uploads\/2026\/03\/05.jpg\" alt=\"\" class=\"wp-image-1243\" srcset=\"https:\/\/nuevacocinamediterranea.es\/wp-content\/uploads\/2026\/03\/05.jpg 800w, https:\/\/nuevacocinamediterranea.es\/wp-content\/uploads\/2026\/03\/05-300x214.jpg 300w, https:\/\/nuevacocinamediterranea.es\/wp-content\/uploads\/2026\/03\/05-768x547.jpg 768w\" sizes=\"(max-width: 800px) 100vw, 800px\" \/><\/figure>\n\n\n\n<figure class=\"wp-block-image size-large\"><img loading=\"lazy\" decoding=\"async\" width=\"800\" height=\"570\" data-id=\"1244\" src=\"https:\/\/nuevacocinamediterranea.es\/wp-content\/uploads\/2026\/03\/06.jpg\" alt=\"\" class=\"wp-image-1244\" srcset=\"https:\/\/nuevacocinamediterranea.es\/wp-content\/uploads\/2026\/03\/06.jpg 800w, https:\/\/nuevacocinamediterranea.es\/wp-content\/uploads\/2026\/03\/06-300x214.jpg 300w, https:\/\/nuevacocinamediterranea.es\/wp-content\/uploads\/2026\/03\/06-768x547.jpg 768w\" sizes=\"(max-width: 800px) 100vw, 800px\" \/><\/figure>\n\n\n\n<figure class=\"wp-block-image size-large\"><img loading=\"lazy\" decoding=\"async\" width=\"800\" height=\"570\" data-id=\"1245\" src=\"https:\/\/nuevacocinamediterranea.es\/wp-content\/uploads\/2026\/03\/04.jpg\" alt=\"\" class=\"wp-image-1245\" srcset=\"https:\/\/nuevacocinamediterranea.es\/wp-content\/uploads\/2026\/03\/04.jpg 800w, https:\/\/nuevacocinamediterranea.es\/wp-content\/uploads\/2026\/03\/04-300x214.jpg 300w, https:\/\/nuevacocinamediterranea.es\/wp-content\/uploads\/2026\/03\/04-768x547.jpg 768w\" sizes=\"(max-width: 800px) 100vw, 800px\" \/><\/figure>\n<\/figure>\n\n\n\n<p>De&nbsp;<strong>Nouvelle cuisine m\u00e9diterran\u00e9enne<\/strong>&nbsp;nous voulons partager avec vous chaque \u00e9tape que nous franchissons, chaque petit succ\u00e8s que nous obtenons.<\/p>\n\n\n\n<p>Dans le cas pr\u00e9sent, il s'agit d'actualiser la marque et notre site web. L'entreprise a choisi de continuer \u00e0 suivre&nbsp;<strong>\u00e9voluer,&nbsp;<\/strong>non seulement en innovant en mati\u00e8re de produits alimentaires de qualit\u00e9, d'une large gamme de services, de technologies et d'installations, mais aussi en ce qui concerne notre propre image.<\/p>\n\n\n\n<p>C'est pourquoi un nouveau projet a \u00e9t\u00e9 lanc\u00e9 r\u00e9cemment.&nbsp;<strong>Restyling complet<\/strong>&nbsp;La philosophie et le savoir-faire de la marque ont \u00e9t\u00e9 actualis\u00e9s sans perdre de vue les origines de l'entreprise.<\/p>\n\n\n\n<p>En ce sens, l'orientation de la communication vise principalement le secteur des entreprises. Un profil de client soucieux de la nutrition et de la bonne alimentation, attach\u00e9 au produit propos\u00e9 et \u00e0 la recherche d'un rapport qualit\u00e9\/prix optimal.<\/p>\n\n\n\n<p><strong>NCM&nbsp;<\/strong>est donc un&nbsp;<strong>marque ombrelle<\/strong>&nbsp;o\u00f9 il y a de la place pour un monde de services et de produits. Pr\u00eats \u00e0 affronter l'avenir. A&nbsp;<strong>sceau de garantie<\/strong>, Nueva Cocina Mediterr\u00e1nea remercie ses clients pour leur fid\u00e9lit\u00e9, qui a permis au fruit de tant d'efforts et de d\u00e9vouement de faire de nous une r\u00e9f\u00e9rence du march\u00e9 AUJOURD'HUI.<\/p>\n\n\n\n<p>Ce renouvellement de la marque repr\u00e9sente une image moderne, propre, facile \u00e0 identifier et avec une nuance formelle qui d\u00e9note le professionnalisme, la proximit\u00e9, la simplicit\u00e9... des valeurs en ligne avec la philosophie de l'entreprise.<\/p>\n\n\n\n<p>Sa mat\u00e9rialit\u00e9 et son graphisme compl\u00e9mentaire nous renvoient directement \u00e0 l'univers de l'alimentation, avec son caract\u00e8re propre au sein du secteur. Ce symbole synth\u00e9tise le concept de \u201cl'assiette vide\u201d form\u00e9 par l'union des initiales de la marque, une assiette vide o\u00f9 tout ce qui est imaginable a sa place. Il s'agit donc d'un \u00e9l\u00e9ment unique qui donne de la force et du poids au logotype, ferm\u00e9 par l'inclusion de l'acronyme, qui est en lien direct avec le nom de l'identit\u00e9.<\/p>\n\n\n\n<p>NCM est une marque vivante, en mouvement et en \u00e9volution constante, c'est pourquoi de multiples adaptations sont g\u00e9n\u00e9r\u00e9es pour am\u00e9liorer sa lisibilit\u00e9 et sa composition en fonction du support sur lequel elle est appliqu\u00e9e. La famille des tons chromatiques est utilis\u00e9e pour identifier et diff\u00e9rencier les services de l'entreprise. En outre, une ligne d'ic\u00f4nes est g\u00e9n\u00e9r\u00e9e pour renforcer cette activit\u00e9 commerciale sur le plan visuel.<\/p>\n\n\n\n<p>Notre&nbsp;<strong>nouveau site web<\/strong>&nbsp;continue de respecter l'identit\u00e9 qu'elle a cr\u00e9\u00e9e et de s'appuyer sur ce qu'elle repr\u00e9sente. Plus utilisable, plus convivial, plus propre. Un site con\u00e7u pour l'avenir, pr\u00eat \u00e0 continuer \u00e0 grandir en m\u00eame temps que les besoins de l'entreprise elle-m\u00eame.<\/p>\n\n\n\n<p>De&nbsp;<strong>NCM<\/strong>, Nous sommes pr\u00eats \u00e0 affronter le changement. \u00c0 vivre une nouvelle \u00e8re. Un changement pour le mieux \u00e0 tous points de vue.<\/p>\n\n\n\n<p>Bienvenue dans la nouvelle cuisine m\u00e9diterran\u00e9enne. Et vous... \u00eates-vous pr\u00eats ?<\/p>","protected":false},"excerpt":{"rendered":"<p>Desde&nbsp;Nueva Cocina Mediterr\u00e1nea&nbsp;queremos compartir contigo cada paso que damos, cada peque\u00f1o \u00e9xito que logramos. En este caso, se trata de la actualizaci\u00f3n de la marca y de nuestra web. Desde la empresa, se ha optado por seguir&nbsp;evolucionando,&nbsp;no s\u00f3lo innovando en productos de calidad en materia de alimentaci\u00f3n, una amplia gama de servicios, tecnolog\u00eda e instalaciones, [&hellip;]<\/p>\n","protected":false},"author":1,"featured_media":1240,"comment_status":"open","ping_status":"closed","sticky":false,"template":"","format":"standard","meta":{"footnotes":""},"categories":[14],"tags":[],"class_list":["post-1238","post","type-post","status-publish","format-standard","has-post-thumbnail","hentry","category-noticias"],"_links":{"self":[{"href":"https:\/\/nuevacocinamediterranea.es\/fr\/wp-json\/wp\/v2\/posts\/1238","targetHints":{"allow":["GET"]}}],"collection":[{"href":"https:\/\/nuevacocinamediterranea.es\/fr\/wp-json\/wp\/v2\/posts"}],"about":[{"href":"https:\/\/nuevacocinamediterranea.es\/fr\/wp-json\/wp\/v2\/types\/post"}],"author":[{"embeddable":true,"href":"https:\/\/nuevacocinamediterranea.es\/fr\/wp-json\/wp\/v2\/users\/1"}],"replies":[{"embeddable":true,"href":"https:\/\/nuevacocinamediterranea.es\/fr\/wp-json\/wp\/v2\/comments?post=1238"}],"version-history":[{"count":1,"href":"https:\/\/nuevacocinamediterranea.es\/fr\/wp-json\/wp\/v2\/posts\/1238\/revisions"}],"predecessor-version":[{"id":1246,"href":"https:\/\/nuevacocinamediterranea.es\/fr\/wp-json\/wp\/v2\/posts\/1238\/revisions\/1246"}],"wp:featuredmedia":[{"embeddable":true,"href":"https:\/\/nuevacocinamediterranea.es\/fr\/wp-json\/wp\/v2\/media\/1240"}],"wp:attachment":[{"href":"https:\/\/nuevacocinamediterranea.es\/fr\/wp-json\/wp\/v2\/media?parent=1238"}],"wp:term":[{"taxonomy":"category","embeddable":true,"href":"https:\/\/nuevacocinamediterranea.es\/fr\/wp-json\/wp\/v2\/categories?post=1238"},{"taxonomy":"post_tag","embeddable":true,"href":"https:\/\/nuevacocinamediterranea.es\/fr\/wp-json\/wp\/v2\/tags?post=1238"}],"curies":[{"name":"wp","href":"https:\/\/api.w.org\/{rel}","templated":true}]}}