{"id":1213,"date":"2026-03-05T17:53:32","date_gmt":"2026-03-05T17:53:32","guid":{"rendered":"https:\/\/nuevacocinamediterranea.es\/?p=1213"},"modified":"2026-03-05T17:53:32","modified_gmt":"2026-03-05T17:53:32","slug":"el-pasado-16-de-noviembre-nueva-cocina-mediterranea-ha-estado-apoyando-en-madrid-el-7o-acto-empresarial-en-apoyo-al-corredor-mediterraneo","status":"publish","type":"post","link":"https:\/\/nuevacocinamediterranea.es\/fr\/el-pasado-16-de-noviembre-nueva-cocina-mediterranea-ha-estado-apoyando-en-madrid-el-7o-acto-empresarial-en-apoyo-al-corredor-mediterraneo\/","title":{"rendered":"Le 16 novembre, Nueva Cocina Mediterr\u00e1nea a apport\u00e9 son soutien au 7e \u00e9v\u00e9nement commercial organis\u00e9 \u00e0 Madrid en faveur du corridor m\u00e9diterran\u00e9en."},"content":{"rendered":"","protected":false},"excerpt":{"rendered":"","protected":false},"author":1,"featured_media":1214,"comment_status":"open","ping_status":"closed","sticky":false,"template":"","format":"standard","meta":{"footnotes":""},"categories":[14],"tags":[],"class_list":["post-1213","post","type-post","status-publish","format-standard","has-post-thumbnail","hentry","category-noticias"],"_links":{"self":[{"href":"https:\/\/nuevacocinamediterranea.es\/fr\/wp-json\/wp\/v2\/posts\/1213","targetHints":{"allow":["GET"]}}],"collection":[{"href":"https:\/\/nuevacocinamediterranea.es\/fr\/wp-json\/wp\/v2\/posts"}],"about":[{"href":"https:\/\/nuevacocinamediterranea.es\/fr\/wp-json\/wp\/v2\/types\/post"}],"author":[{"embeddable":true,"href":"https:\/\/nuevacocinamediterranea.es\/fr\/wp-json\/wp\/v2\/users\/1"}],"replies":[{"embeddable":true,"href":"https:\/\/nuevacocinamediterranea.es\/fr\/wp-json\/wp\/v2\/comments?post=1213"}],"version-history":[{"count":1,"href":"https:\/\/nuevacocinamediterranea.es\/fr\/wp-json\/wp\/v2\/posts\/1213\/revisions"}],"predecessor-version":[{"id":1215,"href":"https:\/\/nuevacocinamediterranea.es\/fr\/wp-json\/wp\/v2\/posts\/1213\/revisions\/1215"}],"wp:featuredmedia":[{"embeddable":true,"href":"https:\/\/nuevacocinamediterranea.es\/fr\/wp-json\/wp\/v2\/media\/1214"}],"wp:attachment":[{"href":"https:\/\/nuevacocinamediterranea.es\/fr\/wp-json\/wp\/v2\/media?parent=1213"}],"wp:term":[{"taxonomy":"category","embeddable":true,"href":"https:\/\/nuevacocinamediterranea.es\/fr\/wp-json\/wp\/v2\/categories?post=1213"},{"taxonomy":"post_tag","embeddable":true,"href":"https:\/\/nuevacocinamediterranea.es\/fr\/wp-json\/wp\/v2\/tags?post=1213"}],"curies":[{"name":"wp","href":"https:\/\/api.w.org\/{rel}","templated":true}]}}