{"id":1204,"date":"2026-03-05T17:51:43","date_gmt":"2026-03-05T17:51:43","guid":{"rendered":"https:\/\/nuevacocinamediterranea.es\/?p=1204"},"modified":"2026-03-05T17:51:43","modified_gmt":"2026-03-05T17:51:43","slug":"nueva-cocina-mediterranea-ha-sido-reconocida-por-su-crecimiento-y-trayectoria-con-los-premios-cepyme-500","status":"publish","type":"post","link":"https:\/\/nuevacocinamediterranea.es\/en\/nueva-cocina-mediterranea-ha-sido-reconocida-por-su-crecimiento-y-trayectoria-con-los-premios-cepyme-500\/","title":{"rendered":"Nueva Cocina Mediterr\u00e1nea has been recognised for its growth and trajectory with the CEPYME 500 awards."},"content":{"rendered":"<p>. The gala organised on 8 November at the Madrid Stock Exchange was presided over by the Minister of Social Security, Mr Jose Luis Escriv\u00e1, and the President of CEPYME, Mr Gerardo Cuerva. The award was collected by the general manager of Nueva Cocina, Luis Miguel Garc\u00eda de Andr\u00e9s.<\/p>\n\n\n\n<p>CEPYME500 is a Cepyme initiative that identifies, selects and promotes the 500 Spanish companies that are leaders in business growth, both for their results and their capacity to generate added value, employment, innovation and international projection.<\/p>\n\n\n\n<figure class=\"wp-block-image size-full\"><img fetchpriority=\"high\" decoding=\"async\" width=\"845\" height=\"684\" src=\"https:\/\/nuevacocinamediterranea.es\/wp-content\/uploads\/2026\/03\/4-845x684-2.jpg\" alt=\"\" class=\"wp-image-1208\" srcset=\"https:\/\/nuevacocinamediterranea.es\/wp-content\/uploads\/2026\/03\/4-845x684-2.jpg 845w, https:\/\/nuevacocinamediterranea.es\/wp-content\/uploads\/2026\/03\/4-845x684-2-300x243.jpg 300w, https:\/\/nuevacocinamediterranea.es\/wp-content\/uploads\/2026\/03\/4-845x684-2-768x622.jpg 768w\" sizes=\"(max-width: 845px) 100vw, 845px\" \/><\/figure>\n\n\n\n<figure class=\"wp-block-image size-full\"><img decoding=\"async\" width=\"576\" height=\"684\" src=\"https:\/\/nuevacocinamediterranea.es\/wp-content\/uploads\/2026\/03\/6-576x684-2.jpg\" alt=\"\" class=\"wp-image-1209\" srcset=\"https:\/\/nuevacocinamediterranea.es\/wp-content\/uploads\/2026\/03\/6-576x684-2.jpg 576w, https:\/\/nuevacocinamediterranea.es\/wp-content\/uploads\/2026\/03\/6-576x684-2-253x300.jpg 253w\" sizes=\"(max-width: 576px) 100vw, 576px\" \/><\/figure>","protected":false},"excerpt":{"rendered":"<p>. La gala organizada el pasado 8 de noviembre en la Bolsa de Madrid, fue presidida por el Ministro de Seguridad Social D. Jose Luis Escriv\u00e1 y el presidente de CEPYME D. Gerardo Cuerva. Recogi\u00f3 el galard\u00f3n el director general de Nueva Cocina, Luis Miguel Garc\u00eda de Andr\u00e9s. CEPYME500 es una iniciativa Cepyme que identifica, [&hellip;]<\/p>\n","protected":false},"author":1,"featured_media":1205,"comment_status":"open","ping_status":"closed","sticky":false,"template":"","format":"standard","meta":{"footnotes":""},"categories":[14],"tags":[],"class_list":["post-1204","post","type-post","status-publish","format-standard","has-post-thumbnail","hentry","category-noticias"],"_links":{"self":[{"href":"https:\/\/nuevacocinamediterranea.es\/en\/wp-json\/wp\/v2\/posts\/1204","targetHints":{"allow":["GET"]}}],"collection":[{"href":"https:\/\/nuevacocinamediterranea.es\/en\/wp-json\/wp\/v2\/posts"}],"about":[{"href":"https:\/\/nuevacocinamediterranea.es\/en\/wp-json\/wp\/v2\/types\/post"}],"author":[{"embeddable":true,"href":"https:\/\/nuevacocinamediterranea.es\/en\/wp-json\/wp\/v2\/users\/1"}],"replies":[{"embeddable":true,"href":"https:\/\/nuevacocinamediterranea.es\/en\/wp-json\/wp\/v2\/comments?post=1204"}],"version-history":[{"count":1,"href":"https:\/\/nuevacocinamediterranea.es\/en\/wp-json\/wp\/v2\/posts\/1204\/revisions"}],"predecessor-version":[{"id":1210,"href":"https:\/\/nuevacocinamediterranea.es\/en\/wp-json\/wp\/v2\/posts\/1204\/revisions\/1210"}],"wp:featuredmedia":[{"embeddable":true,"href":"https:\/\/nuevacocinamediterranea.es\/en\/wp-json\/wp\/v2\/media\/1205"}],"wp:attachment":[{"href":"https:\/\/nuevacocinamediterranea.es\/en\/wp-json\/wp\/v2\/media?parent=1204"}],"wp:term":[{"taxonomy":"category","embeddable":true,"href":"https:\/\/nuevacocinamediterranea.es\/en\/wp-json\/wp\/v2\/categories?post=1204"},{"taxonomy":"post_tag","embeddable":true,"href":"https:\/\/nuevacocinamediterranea.es\/en\/wp-json\/wp\/v2\/tags?post=1204"}],"curies":[{"name":"wp","href":"https:\/\/api.w.org\/{rel}","templated":true}]}}