{"id":1238,"date":"2026-03-05T18:00:51","date_gmt":"2026-03-05T18:00:51","guid":{"rendered":"https:\/\/nuevacocinamediterranea.es\/?p=1238"},"modified":"2026-03-05T18:01:01","modified_gmt":"2026-03-05T18:01:01","slug":"nueva-etapa-nueva-cocina-mediterranea","status":"publish","type":"post","link":"https:\/\/nuevacocinamediterranea.es\/de\/nueva-etapa-nueva-cocina-mediterranea\/","title":{"rendered":"Neue B\u00fchne, neue mediterrane K\u00fcche"},"content":{"rendered":"<figure class=\"wp-block-gallery has-nested-images columns-default is-cropped wp-block-gallery-1 is-layout-flex wp-block-gallery-is-layout-flex\">\n<figure class=\"wp-block-image size-large\"><img fetchpriority=\"high\" decoding=\"async\" width=\"800\" height=\"570\" data-id=\"1240\" src=\"https:\/\/nuevacocinamediterranea.es\/wp-content\/uploads\/2026\/03\/01.jpg\" alt=\"\" class=\"wp-image-1240\" srcset=\"https:\/\/nuevacocinamediterranea.es\/wp-content\/uploads\/2026\/03\/01.jpg 800w, https:\/\/nuevacocinamediterranea.es\/wp-content\/uploads\/2026\/03\/01-300x214.jpg 300w, https:\/\/nuevacocinamediterranea.es\/wp-content\/uploads\/2026\/03\/01-768x547.jpg 768w\" sizes=\"(max-width: 800px) 100vw, 800px\" \/><\/figure>\n\n\n\n<figure class=\"wp-block-image size-large\"><img decoding=\"async\" width=\"800\" height=\"570\" data-id=\"1239\" src=\"https:\/\/nuevacocinamediterranea.es\/wp-content\/uploads\/2026\/03\/02.jpg\" alt=\"\" class=\"wp-image-1239\" srcset=\"https:\/\/nuevacocinamediterranea.es\/wp-content\/uploads\/2026\/03\/02.jpg 800w, https:\/\/nuevacocinamediterranea.es\/wp-content\/uploads\/2026\/03\/02-300x214.jpg 300w, https:\/\/nuevacocinamediterranea.es\/wp-content\/uploads\/2026\/03\/02-768x547.jpg 768w\" sizes=\"(max-width: 800px) 100vw, 800px\" \/><\/figure>\n\n\n\n<figure class=\"wp-block-image size-large\"><img decoding=\"async\" width=\"800\" height=\"570\" data-id=\"1241\" src=\"https:\/\/nuevacocinamediterranea.es\/wp-content\/uploads\/2026\/03\/03.jpg\" alt=\"\" class=\"wp-image-1241\" srcset=\"https:\/\/nuevacocinamediterranea.es\/wp-content\/uploads\/2026\/03\/03.jpg 800w, https:\/\/nuevacocinamediterranea.es\/wp-content\/uploads\/2026\/03\/03-300x214.jpg 300w, https:\/\/nuevacocinamediterranea.es\/wp-content\/uploads\/2026\/03\/03-768x547.jpg 768w\" sizes=\"(max-width: 800px) 100vw, 800px\" \/><\/figure>\n\n\n\n<figure class=\"wp-block-image size-large\"><img loading=\"lazy\" decoding=\"async\" width=\"800\" height=\"570\" data-id=\"1242\" src=\"https:\/\/nuevacocinamediterranea.es\/wp-content\/uploads\/2026\/03\/07.jpg\" alt=\"\" class=\"wp-image-1242\" srcset=\"https:\/\/nuevacocinamediterranea.es\/wp-content\/uploads\/2026\/03\/07.jpg 800w, https:\/\/nuevacocinamediterranea.es\/wp-content\/uploads\/2026\/03\/07-300x214.jpg 300w, https:\/\/nuevacocinamediterranea.es\/wp-content\/uploads\/2026\/03\/07-768x547.jpg 768w\" sizes=\"(max-width: 800px) 100vw, 800px\" \/><\/figure>\n\n\n\n<figure class=\"wp-block-image size-large\"><img loading=\"lazy\" decoding=\"async\" width=\"800\" height=\"570\" data-id=\"1243\" src=\"https:\/\/nuevacocinamediterranea.es\/wp-content\/uploads\/2026\/03\/05.jpg\" alt=\"\" class=\"wp-image-1243\" srcset=\"https:\/\/nuevacocinamediterranea.es\/wp-content\/uploads\/2026\/03\/05.jpg 800w, https:\/\/nuevacocinamediterranea.es\/wp-content\/uploads\/2026\/03\/05-300x214.jpg 300w, https:\/\/nuevacocinamediterranea.es\/wp-content\/uploads\/2026\/03\/05-768x547.jpg 768w\" sizes=\"(max-width: 800px) 100vw, 800px\" \/><\/figure>\n\n\n\n<figure class=\"wp-block-image size-large\"><img loading=\"lazy\" decoding=\"async\" width=\"800\" height=\"570\" data-id=\"1244\" src=\"https:\/\/nuevacocinamediterranea.es\/wp-content\/uploads\/2026\/03\/06.jpg\" alt=\"\" class=\"wp-image-1244\" srcset=\"https:\/\/nuevacocinamediterranea.es\/wp-content\/uploads\/2026\/03\/06.jpg 800w, https:\/\/nuevacocinamediterranea.es\/wp-content\/uploads\/2026\/03\/06-300x214.jpg 300w, https:\/\/nuevacocinamediterranea.es\/wp-content\/uploads\/2026\/03\/06-768x547.jpg 768w\" sizes=\"(max-width: 800px) 100vw, 800px\" \/><\/figure>\n\n\n\n<figure class=\"wp-block-image size-large\"><img loading=\"lazy\" decoding=\"async\" width=\"800\" height=\"570\" data-id=\"1245\" src=\"https:\/\/nuevacocinamediterranea.es\/wp-content\/uploads\/2026\/03\/04.jpg\" alt=\"\" class=\"wp-image-1245\" srcset=\"https:\/\/nuevacocinamediterranea.es\/wp-content\/uploads\/2026\/03\/04.jpg 800w, https:\/\/nuevacocinamediterranea.es\/wp-content\/uploads\/2026\/03\/04-300x214.jpg 300w, https:\/\/nuevacocinamediterranea.es\/wp-content\/uploads\/2026\/03\/04-768x547.jpg 768w\" sizes=\"(max-width: 800px) 100vw, 800px\" \/><\/figure>\n<\/figure>\n\n\n\n<p>Von&nbsp;<strong>Neue mediterrane K\u00fcche<\/strong>&nbsp;Wir wollen jeden Schritt, den wir machen, jeden kleinen Erfolg, den wir erzielen, mit Ihnen teilen.<\/p>\n\n\n\n<p>In diesem Fall geht es um die Aktualisierung der Marke und unserer Website. Das Unternehmen hat sich daf\u00fcr entschieden, weiterhin die&nbsp;<strong>entwickelt sich,&nbsp;<\/strong>nicht nur durch Innovationen bei Qualit\u00e4tslebensmitteln, einer breiten Palette von Dienstleistungen, Technologien und Einrichtungen, sondern auch in unserem eigenen Image.<\/p>\n\n\n\n<p>Aus diesem Grund wurde k\u00fcrzlich ein neues Projekt ins Leben gerufen.&nbsp;<strong>komplette Neugestaltung<\/strong>&nbsp;Die Philosophie und das Know-how der Marke wurden auf den neuesten Stand gebracht, ohne die Urspr\u00fcnge des Unternehmens aus den Augen zu verlieren.<\/p>\n\n\n\n<p>In diesem Sinne richtet sich die Kommunikation vor allem an den Unternehmenssektor. Ein Kundenprofil, dem Ern\u00e4hrung und gute Lebensmittel wichtig sind, das sich f\u00fcr das angebotene Produkt engagiert und ein optimales Preis-Leistungs-Verh\u00e4ltnis anstrebt.<\/p>\n\n\n\n<p><strong>NCM&nbsp;<\/strong>ist daher ein&nbsp;<strong>Dachmarke<\/strong>&nbsp;wo Platz ist f\u00fcr eine Welt von Dienstleistungen und Produkten. Bereit f\u00fcr alles, was kommt. A&nbsp;<strong>Garantiesiegel<\/strong>, Nueva Cocina Mediterr\u00e1nea bedankt sich bei seinen Kunden f\u00fcr ihre Treue, die es erm\u00f6glicht hat, dass die Fr\u00fcchte von so viel M\u00fche und Hingabe uns bis heute zu einer Marktreferenz machen.<\/p>\n\n\n\n<p>Diese Erneuerung der Marke repr\u00e4sentiert ein modernes, klares, leicht zu identifizierendes Image mit einer formalen Nuance, die Professionalit\u00e4t, N\u00e4he und Einfachheit ausdr\u00fcckt... Werte, die der Philosophie des Unternehmens entsprechen.<\/p>\n\n\n\n<p>Seine Materialit\u00e4t und die erg\u00e4nzende Grafik f\u00fchren uns direkt in die Welt der Lebensmittel, die einen eigenen Charakter innerhalb des Sektors hat. Dieses Symbol fasst das Konzept des \u201cleeren Tellers\u201d zusammen, das sich aus der Verbindung der Initialen der Marke ergibt, ein leerer Teller, auf dem alles Erdenkliche seinen Platz hat. Auf diese Weise entsteht ein einziges Element, das dem Logo Kraft und Gewicht verleiht und durch die Einbeziehung des Akronyms, das direkt mit dem Namen der Identit\u00e4t verbunden ist, abgeschlossen wird.<\/p>\n\n\n\n<p>NCM ist eine lebendige Marke, die st\u00e4ndig in Bewegung ist und sich weiterentwickelt. Daher werden mehrere Anpassungen vorgenommen, um die Lesbarkeit und die Zusammensetzung der Marke zu verbessern, je nachdem, wo sie eingesetzt wird. Die Familie der Farbt\u00f6ne wird verwendet, um die Dienstleistungen des Unternehmens zu identifizieren und zu differenzieren. Dar\u00fcber hinaus wurde eine Reihe von Symbolen entwickelt, um diese kommerzielle Aktivit\u00e4t auf visueller Ebene zu verst\u00e4rken.<\/p>\n\n\n\n<p>Unser&nbsp;<strong>neue Website<\/strong>&nbsp;respektiert weiterhin die Identit\u00e4t, die sie geschaffen hat, und baut weiter auf dem auf, wof\u00fcr sie steht. Besser nutzbar, benutzerfreundlicher, sauberer. Eine Website, die f\u00fcr die Zukunft konzipiert wurde und bereit ist, mit den Bed\u00fcrfnissen des Unternehmens weiter zu wachsen.<\/p>\n\n\n\n<p>Von&nbsp;<strong>NCM<\/strong>, Wir sind bereit, uns dem Wandel zu stellen. Wir wollen eine neue \u00c4ra erleben. Eine Ver\u00e4nderung zum Besseren, in jeder Hinsicht.<\/p>\n\n\n\n<p>Willkommen in der neuen mediterranen K\u00fcche. Und Sie... sind Sie bereit?<\/p>","protected":false},"excerpt":{"rendered":"<p>Desde&nbsp;Nueva Cocina Mediterr\u00e1nea&nbsp;queremos compartir contigo cada paso que damos, cada peque\u00f1o \u00e9xito que logramos. En este caso, se trata de la actualizaci\u00f3n de la marca y de nuestra web. Desde la empresa, se ha optado por seguir&nbsp;evolucionando,&nbsp;no s\u00f3lo innovando en productos de calidad en materia de alimentaci\u00f3n, una amplia gama de servicios, tecnolog\u00eda e instalaciones, [&hellip;]<\/p>\n","protected":false},"author":1,"featured_media":1240,"comment_status":"open","ping_status":"closed","sticky":false,"template":"","format":"standard","meta":{"footnotes":""},"categories":[14],"tags":[],"class_list":["post-1238","post","type-post","status-publish","format-standard","has-post-thumbnail","hentry","category-noticias"],"_links":{"self":[{"href":"https:\/\/nuevacocinamediterranea.es\/de\/wp-json\/wp\/v2\/posts\/1238","targetHints":{"allow":["GET"]}}],"collection":[{"href":"https:\/\/nuevacocinamediterranea.es\/de\/wp-json\/wp\/v2\/posts"}],"about":[{"href":"https:\/\/nuevacocinamediterranea.es\/de\/wp-json\/wp\/v2\/types\/post"}],"author":[{"embeddable":true,"href":"https:\/\/nuevacocinamediterranea.es\/de\/wp-json\/wp\/v2\/users\/1"}],"replies":[{"embeddable":true,"href":"https:\/\/nuevacocinamediterranea.es\/de\/wp-json\/wp\/v2\/comments?post=1238"}],"version-history":[{"count":1,"href":"https:\/\/nuevacocinamediterranea.es\/de\/wp-json\/wp\/v2\/posts\/1238\/revisions"}],"predecessor-version":[{"id":1246,"href":"https:\/\/nuevacocinamediterranea.es\/de\/wp-json\/wp\/v2\/posts\/1238\/revisions\/1246"}],"wp:featuredmedia":[{"embeddable":true,"href":"https:\/\/nuevacocinamediterranea.es\/de\/wp-json\/wp\/v2\/media\/1240"}],"wp:attachment":[{"href":"https:\/\/nuevacocinamediterranea.es\/de\/wp-json\/wp\/v2\/media?parent=1238"}],"wp:term":[{"taxonomy":"category","embeddable":true,"href":"https:\/\/nuevacocinamediterranea.es\/de\/wp-json\/wp\/v2\/categories?post=1238"},{"taxonomy":"post_tag","embeddable":true,"href":"https:\/\/nuevacocinamediterranea.es\/de\/wp-json\/wp\/v2\/tags?post=1238"}],"curies":[{"name":"wp","href":"https:\/\/api.w.org\/{rel}","templated":true}]}}